{"id":1904,"date":"2021-08-25T10:38:19","date_gmt":"2021-08-25T08:38:19","guid":{"rendered":"https:\/\/formateiendom.no\/kjellelia\/?p=1904"},"modified":"2021-09-01T12:23:18","modified_gmt":"2021-09-01T10:23:18","slug":"bokekrona-status","status":"publish","type":"post","link":"https:\/\/formateiendom.no\/kjellelia\/2021\/08\/bokekrona-status\/","title":{"rendered":"B\u00f8kekrona"},"content":{"rendered":"\n<p>R\u00e5bygget er snart oppe og gulvet i 8. etasje er straks komplett! Med nydelig utsikt og omkranset av flott natur, kan dette bli et unikt og sentrumsn\u00e6rt hjem for deg. <\/p>\n\n\n\n<p>I l\u00f8pet av september har vi planer om \u00e5 holde \u00e5pen visning i r\u00e5bygget, hvor man f\u00e5r mulighet til \u00e5 v\u00e6re med helt til toppen! F\u00f8lg oss p\u00e5 sosiale medier for \u00e5 f\u00e5 l\u00f8pende oppdateringer!<\/p>\n\n\n\n<figure class=\"wp-block-image size-large\"><img fetchpriority=\"high\" decoding=\"async\" width=\"1024\" height=\"251\" src=\"https:\/\/formateiendom.no\/kjellelia\/wp-content\/uploads\/sites\/3\/2021\/08\/Panorama-Bokekrona-25.08.21-1024x251.jpg\" alt=\"\" class=\"wp-image-1900\" srcset=\"https:\/\/formateiendom.no\/kjellelia\/wp-content\/uploads\/sites\/3\/2021\/08\/Panorama-Bokekrona-25.08.21-1024x251.jpg 1024w, https:\/\/formateiendom.no\/kjellelia\/wp-content\/uploads\/sites\/3\/2021\/08\/Panorama-Bokekrona-25.08.21-300x74.jpg 300w, https:\/\/formateiendom.no\/kjellelia\/wp-content\/uploads\/sites\/3\/2021\/08\/Panorama-Bokekrona-25.08.21-768x189.jpg 768w, https:\/\/formateiendom.no\/kjellelia\/wp-content\/uploads\/sites\/3\/2021\/08\/Panorama-Bokekrona-25.08.21-1536x377.jpg 1536w, https:\/\/formateiendom.no\/kjellelia\/wp-content\/uploads\/sites\/3\/2021\/08\/Panorama-Bokekrona-25.08.21-scaled.jpg 2048w\" sizes=\"(max-width: 1024px) 100vw, 1024px\" \/><\/figure>\n\n\n\n<figure class=\"wp-block-gallery columns-3 is-cropped wp-block-gallery-1 is-layout-flex wp-block-gallery-is-layout-flex\"><ul class=\"blocks-gallery-grid\"><li class=\"blocks-gallery-item\"><figure><img decoding=\"async\" width=\"480\" height=\"640\" src=\"https:\/\/formateiendom.no\/kjellelia\/wp-content\/uploads\/sites\/3\/2021\/08\/17.jpg\" alt=\"\" data-id=\"1901\" data-full-url=\"https:\/\/formateiendom.no\/kjellelia\/wp-content\/uploads\/sites\/3\/2021\/08\/17.jpg\" data-link=\"https:\/\/formateiendom.no\/kjellelia\/17\/\" class=\"wp-image-1901\" srcset=\"https:\/\/formateiendom.no\/kjellelia\/wp-content\/uploads\/sites\/3\/2021\/08\/17.jpg 480w, https:\/\/formateiendom.no\/kjellelia\/wp-content\/uploads\/sites\/3\/2021\/08\/17-225x300.jpg 225w\" sizes=\"(max-width: 480px) 100vw, 480px\" \/><\/figure><\/li><li class=\"blocks-gallery-item\"><figure><img decoding=\"async\" width=\"1024\" height=\"768\" src=\"https:\/\/formateiendom.no\/kjellelia\/wp-content\/uploads\/sites\/3\/2021\/08\/207960579_4182916978453161_5625850045683984954_n-1024x768.jpg\" alt=\"\" data-id=\"1902\" data-full-url=\"https:\/\/formateiendom.no\/kjellelia\/wp-content\/uploads\/sites\/3\/2021\/08\/207960579_4182916978453161_5625850045683984954_n.jpg\" data-link=\"https:\/\/formateiendom.no\/kjellelia\/207960579_4182916978453161_5625850045683984954_n-2\/\" class=\"wp-image-1902\" srcset=\"https:\/\/formateiendom.no\/kjellelia\/wp-content\/uploads\/sites\/3\/2021\/08\/207960579_4182916978453161_5625850045683984954_n-1024x768.jpg 1024w, https:\/\/formateiendom.no\/kjellelia\/wp-content\/uploads\/sites\/3\/2021\/08\/207960579_4182916978453161_5625850045683984954_n-300x225.jpg 300w, https:\/\/formateiendom.no\/kjellelia\/wp-content\/uploads\/sites\/3\/2021\/08\/207960579_4182916978453161_5625850045683984954_n-768x576.jpg 768w, https:\/\/formateiendom.no\/kjellelia\/wp-content\/uploads\/sites\/3\/2021\/08\/207960579_4182916978453161_5625850045683984954_n-1536x1152.jpg 1536w, https:\/\/formateiendom.no\/kjellelia\/wp-content\/uploads\/sites\/3\/2021\/08\/207960579_4182916978453161_5625850045683984954_n.jpg 2048w\" sizes=\"(max-width: 1024px) 100vw, 1024px\" \/><\/figure><\/li><li class=\"blocks-gallery-item\"><figure><img loading=\"lazy\" decoding=\"async\" width=\"1024\" height=\"768\" src=\"https:\/\/formateiendom.no\/kjellelia\/wp-content\/uploads\/sites\/3\/2021\/08\/205299353_4182916841786508_6173302119406818764_n-1024x768.jpg\" alt=\"\" data-id=\"1903\" data-full-url=\"https:\/\/formateiendom.no\/kjellelia\/wp-content\/uploads\/sites\/3\/2021\/08\/205299353_4182916841786508_6173302119406818764_n.jpg\" data-link=\"https:\/\/formateiendom.no\/kjellelia\/205299353_4182916841786508_6173302119406818764_n-2\/\" class=\"wp-image-1903\" srcset=\"https:\/\/formateiendom.no\/kjellelia\/wp-content\/uploads\/sites\/3\/2021\/08\/205299353_4182916841786508_6173302119406818764_n-1024x768.jpg 1024w, https:\/\/formateiendom.no\/kjellelia\/wp-content\/uploads\/sites\/3\/2021\/08\/205299353_4182916841786508_6173302119406818764_n-300x225.jpg 300w, https:\/\/formateiendom.no\/kjellelia\/wp-content\/uploads\/sites\/3\/2021\/08\/205299353_4182916841786508_6173302119406818764_n-768x576.jpg 768w, https:\/\/formateiendom.no\/kjellelia\/wp-content\/uploads\/sites\/3\/2021\/08\/205299353_4182916841786508_6173302119406818764_n-1536x1152.jpg 1536w, https:\/\/formateiendom.no\/kjellelia\/wp-content\/uploads\/sites\/3\/2021\/08\/205299353_4182916841786508_6173302119406818764_n.jpg 2048w\" sizes=\"(max-width: 1024px) 100vw, 1024px\" \/><\/figure><\/li><\/ul><\/figure>\n","protected":false},"excerpt":{"rendered":"<p>R\u00e5bygget er snart oppe og gulvet i 8. etasje er straks komplett! Med nydelig utsikt og omkranset av flott natur, kan dette bli et unikt og sentrumsn\u00e6rt hjem for deg. I l\u00f8pet av september har vi planer om \u00e5 holde \u00e5pen visning i r\u00e5bygget, hvor man f\u00e5r mulighet til \u00e5 v\u00e6re med helt til toppen! [&hellip;]<\/p>\n","protected":false},"author":5,"featured_media":1900,"comment_status":"open","ping_status":"open","sticky":false,"template":"","format":"standard","meta":{"inline_featured_image":false,"footnotes":""},"categories":[1],"tags":[],"class_list":["post-1904","post","type-post","status-publish","format-standard","has-post-thumbnail","hentry","category-ukategorisert"],"yoast_head":"<!-- This site is optimized with the Yoast SEO plugin v26.9 - https:\/\/yoast.com\/product\/yoast-seo-wordpress\/ -->\n<title>B\u00f8kekrona - Kjellelia<\/title>\n<meta name=\"robots\" content=\"index, follow, max-snippet:-1, max-image-preview:large, max-video-preview:-1\" \/>\n<link rel=\"canonical\" href=\"https:\/\/formateiendom.no\/kjellelia\/2021\/08\/bokekrona-status\/\" \/>\n<meta property=\"og:locale\" content=\"nb_NO\" \/>\n<meta property=\"og:type\" content=\"article\" \/>\n<meta property=\"og:title\" content=\"B\u00f8kekrona - Kjellelia\" \/>\n<meta property=\"og:description\" content=\"R\u00e5bygget er snart oppe og gulvet i 8. etasje er straks komplett! Med nydelig utsikt og omkranset av flott natur, kan dette bli et unikt og sentrumsn\u00e6rt hjem for deg. I l\u00f8pet av september har vi planer om \u00e5 holde \u00e5pen visning i r\u00e5bygget, hvor man f\u00e5r mulighet til \u00e5 v\u00e6re med helt til toppen! [&hellip;]\" \/>\n<meta property=\"og:url\" content=\"https:\/\/formateiendom.no\/kjellelia\/2021\/08\/bokekrona-status\/\" \/>\n<meta property=\"og:site_name\" content=\"Kjellelia\" \/>\n<meta property=\"article:published_time\" content=\"2021-08-25T08:38:19+00:00\" \/>\n<meta property=\"article:modified_time\" content=\"2021-09-01T10:23:18+00:00\" \/>\n<meta property=\"og:image\" content=\"https:\/\/formateiendom.no\/kjellelia\/wp-content\/uploads\/sites\/3\/2021\/08\/Panorama-Bokekrona-25.08.21-scaled.jpg\" \/>\n\t<meta property=\"og:image:width\" content=\"2048\" \/>\n\t<meta property=\"og:image:height\" content=\"503\" \/>\n\t<meta property=\"og:image:type\" content=\"image\/jpeg\" \/>\n<meta name=\"author\" content=\"betinalindgren\" \/>\n<meta name=\"twitter:card\" content=\"summary_large_image\" \/>\n<meta name=\"twitter:label1\" content=\"Skrevet av\" \/>\n\t<meta name=\"twitter:data1\" content=\"betinalindgren\" \/>\n\t<meta name=\"twitter:label2\" content=\"Ansl. lesetid\" \/>\n\t<meta name=\"twitter:data2\" content=\"2 minutter\" \/>\n<script type=\"application\/ld+json\" class=\"yoast-schema-graph\">{\"@context\":\"https:\/\/schema.org\",\"@graph\":[{\"@type\":\"Article\",\"@id\":\"https:\/\/formateiendom.no\/kjellelia\/2021\/08\/bokekrona-status\/#article\",\"isPartOf\":{\"@id\":\"https:\/\/formateiendom.no\/kjellelia\/2021\/08\/bokekrona-status\/\"},\"author\":{\"name\":\"betinalindgren\",\"@id\":\"https:\/\/formateiendom.no\/kjellelia\/#\/schema\/person\/af23e52400b6e226a8facf9147b21ceb\"},\"headline\":\"B\u00f8kekrona\",\"datePublished\":\"2021-08-25T08:38:19+00:00\",\"dateModified\":\"2021-09-01T10:23:18+00:00\",\"mainEntityOfPage\":{\"@id\":\"https:\/\/formateiendom.no\/kjellelia\/2021\/08\/bokekrona-status\/\"},\"wordCount\":71,\"commentCount\":0,\"publisher\":{\"@id\":\"https:\/\/formateiendom.no\/kjellelia\/#organization\"},\"image\":{\"@id\":\"https:\/\/formateiendom.no\/kjellelia\/2021\/08\/bokekrona-status\/#primaryimage\"},\"thumbnailUrl\":\"https:\/\/formateiendom.no\/kjellelia\/wp-content\/uploads\/sites\/3\/2021\/08\/Panorama-Bokekrona-25.08.21-scaled.jpg\",\"inLanguage\":\"nb-NO\",\"potentialAction\":[{\"@type\":\"CommentAction\",\"name\":\"Comment\",\"target\":[\"https:\/\/formateiendom.no\/kjellelia\/2021\/08\/bokekrona-status\/#respond\"]}]},{\"@type\":\"WebPage\",\"@id\":\"https:\/\/formateiendom.no\/kjellelia\/2021\/08\/bokekrona-status\/\",\"url\":\"https:\/\/formateiendom.no\/kjellelia\/2021\/08\/bokekrona-status\/\",\"name\":\"B\u00f8kekrona - Kjellelia\",\"isPartOf\":{\"@id\":\"https:\/\/formateiendom.no\/kjellelia\/#website\"},\"primaryImageOfPage\":{\"@id\":\"https:\/\/formateiendom.no\/kjellelia\/2021\/08\/bokekrona-status\/#primaryimage\"},\"image\":{\"@id\":\"https:\/\/formateiendom.no\/kjellelia\/2021\/08\/bokekrona-status\/#primaryimage\"},\"thumbnailUrl\":\"https:\/\/formateiendom.no\/kjellelia\/wp-content\/uploads\/sites\/3\/2021\/08\/Panorama-Bokekrona-25.08.21-scaled.jpg\",\"datePublished\":\"2021-08-25T08:38:19+00:00\",\"dateModified\":\"2021-09-01T10:23:18+00:00\",\"breadcrumb\":{\"@id\":\"https:\/\/formateiendom.no\/kjellelia\/2021\/08\/bokekrona-status\/#breadcrumb\"},\"inLanguage\":\"nb-NO\",\"potentialAction\":[{\"@type\":\"ReadAction\",\"target\":[\"https:\/\/formateiendom.no\/kjellelia\/2021\/08\/bokekrona-status\/\"]}]},{\"@type\":\"ImageObject\",\"inLanguage\":\"nb-NO\",\"@id\":\"https:\/\/formateiendom.no\/kjellelia\/2021\/08\/bokekrona-status\/#primaryimage\",\"url\":\"https:\/\/formateiendom.no\/kjellelia\/wp-content\/uploads\/sites\/3\/2021\/08\/Panorama-Bokekrona-25.08.21-scaled.jpg\",\"contentUrl\":\"https:\/\/formateiendom.no\/kjellelia\/wp-content\/uploads\/sites\/3\/2021\/08\/Panorama-Bokekrona-25.08.21-scaled.jpg\",\"width\":2048,\"height\":503},{\"@type\":\"BreadcrumbList\",\"@id\":\"https:\/\/formateiendom.no\/kjellelia\/2021\/08\/bokekrona-status\/#breadcrumb\",\"itemListElement\":[{\"@type\":\"ListItem\",\"position\":1,\"name\":\"Hjem\",\"item\":\"https:\/\/formateiendom.no\/kjellelia\/\"},{\"@type\":\"ListItem\",\"position\":2,\"name\":\"B\u00f8kekrona\"}]},{\"@type\":\"WebSite\",\"@id\":\"https:\/\/formateiendom.no\/kjellelia\/#website\",\"url\":\"https:\/\/formateiendom.no\/kjellelia\/\",\"name\":\"Kjellelia\",\"description\":\"Flotte leiligheter sentralt i T\u00f8nsberg\",\"publisher\":{\"@id\":\"https:\/\/formateiendom.no\/kjellelia\/#organization\"},\"potentialAction\":[{\"@type\":\"SearchAction\",\"target\":{\"@type\":\"EntryPoint\",\"urlTemplate\":\"https:\/\/formateiendom.no\/kjellelia\/?s={search_term_string}\"},\"query-input\":{\"@type\":\"PropertyValueSpecification\",\"valueRequired\":true,\"valueName\":\"search_term_string\"}}],\"inLanguage\":\"nb-NO\"},{\"@type\":\"Organization\",\"@id\":\"https:\/\/formateiendom.no\/kjellelia\/#organization\",\"name\":\"Kjellelia\",\"url\":\"https:\/\/formateiendom.no\/kjellelia\/\",\"logo\":{\"@type\":\"ImageObject\",\"inLanguage\":\"nb-NO\",\"@id\":\"https:\/\/formateiendom.no\/kjellelia\/#\/schema\/logo\/image\/\",\"url\":\"https:\/\/formateiendom.no\/kjellelia\/wp-content\/uploads\/sites\/3\/2020\/02\/cropped-kjellelialogo.png\",\"contentUrl\":\"https:\/\/formateiendom.no\/kjellelia\/wp-content\/uploads\/sites\/3\/2020\/02\/cropped-kjellelialogo.png\",\"width\":655,\"height\":235,\"caption\":\"Kjellelia\"},\"image\":{\"@id\":\"https:\/\/formateiendom.no\/kjellelia\/#\/schema\/logo\/image\/\"}},{\"@type\":\"Person\",\"@id\":\"https:\/\/formateiendom.no\/kjellelia\/#\/schema\/person\/af23e52400b6e226a8facf9147b21ceb\",\"name\":\"betinalindgren\",\"image\":{\"@type\":\"ImageObject\",\"inLanguage\":\"nb-NO\",\"@id\":\"https:\/\/formateiendom.no\/kjellelia\/#\/schema\/person\/image\/\",\"url\":\"https:\/\/secure.gravatar.com\/avatar\/4b3b025ab0ce8de80f6fe00dd66938b52e3081b0ec873c13a13ae13e2603e05e?s=96&d=mm&r=g\",\"contentUrl\":\"https:\/\/secure.gravatar.com\/avatar\/4b3b025ab0ce8de80f6fe00dd66938b52e3081b0ec873c13a13ae13e2603e05e?s=96&d=mm&r=g\",\"caption\":\"betinalindgren\"},\"url\":\"https:\/\/formateiendom.no\/kjellelia\/author\/betinalindgren\/\"}]}<\/script>\n<!-- \/ Yoast SEO plugin. -->","yoast_head_json":{"title":"B\u00f8kekrona - Kjellelia","robots":{"index":"index","follow":"follow","max-snippet":"max-snippet:-1","max-image-preview":"max-image-preview:large","max-video-preview":"max-video-preview:-1"},"canonical":"https:\/\/formateiendom.no\/kjellelia\/2021\/08\/bokekrona-status\/","og_locale":"nb_NO","og_type":"article","og_title":"B\u00f8kekrona - Kjellelia","og_description":"R\u00e5bygget er snart oppe og gulvet i 8. etasje er straks komplett! Med nydelig utsikt og omkranset av flott natur, kan dette bli et unikt og sentrumsn\u00e6rt hjem for deg. I l\u00f8pet av september har vi planer om \u00e5 holde \u00e5pen visning i r\u00e5bygget, hvor man f\u00e5r mulighet til \u00e5 v\u00e6re med helt til toppen! [&hellip;]","og_url":"https:\/\/formateiendom.no\/kjellelia\/2021\/08\/bokekrona-status\/","og_site_name":"Kjellelia","article_published_time":"2021-08-25T08:38:19+00:00","article_modified_time":"2021-09-01T10:23:18+00:00","og_image":[{"width":2048,"height":503,"url":"https:\/\/formateiendom.no\/kjellelia\/wp-content\/uploads\/sites\/3\/2021\/08\/Panorama-Bokekrona-25.08.21-scaled.jpg","type":"image\/jpeg"}],"author":"betinalindgren","twitter_card":"summary_large_image","twitter_misc":{"Skrevet av":"betinalindgren","Ansl. lesetid":"2 minutter"},"schema":{"@context":"https:\/\/schema.org","@graph":[{"@type":"Article","@id":"https:\/\/formateiendom.no\/kjellelia\/2021\/08\/bokekrona-status\/#article","isPartOf":{"@id":"https:\/\/formateiendom.no\/kjellelia\/2021\/08\/bokekrona-status\/"},"author":{"name":"betinalindgren","@id":"https:\/\/formateiendom.no\/kjellelia\/#\/schema\/person\/af23e52400b6e226a8facf9147b21ceb"},"headline":"B\u00f8kekrona","datePublished":"2021-08-25T08:38:19+00:00","dateModified":"2021-09-01T10:23:18+00:00","mainEntityOfPage":{"@id":"https:\/\/formateiendom.no\/kjellelia\/2021\/08\/bokekrona-status\/"},"wordCount":71,"commentCount":0,"publisher":{"@id":"https:\/\/formateiendom.no\/kjellelia\/#organization"},"image":{"@id":"https:\/\/formateiendom.no\/kjellelia\/2021\/08\/bokekrona-status\/#primaryimage"},"thumbnailUrl":"https:\/\/formateiendom.no\/kjellelia\/wp-content\/uploads\/sites\/3\/2021\/08\/Panorama-Bokekrona-25.08.21-scaled.jpg","inLanguage":"nb-NO","potentialAction":[{"@type":"CommentAction","name":"Comment","target":["https:\/\/formateiendom.no\/kjellelia\/2021\/08\/bokekrona-status\/#respond"]}]},{"@type":"WebPage","@id":"https:\/\/formateiendom.no\/kjellelia\/2021\/08\/bokekrona-status\/","url":"https:\/\/formateiendom.no\/kjellelia\/2021\/08\/bokekrona-status\/","name":"B\u00f8kekrona - Kjellelia","isPartOf":{"@id":"https:\/\/formateiendom.no\/kjellelia\/#website"},"primaryImageOfPage":{"@id":"https:\/\/formateiendom.no\/kjellelia\/2021\/08\/bokekrona-status\/#primaryimage"},"image":{"@id":"https:\/\/formateiendom.no\/kjellelia\/2021\/08\/bokekrona-status\/#primaryimage"},"thumbnailUrl":"https:\/\/formateiendom.no\/kjellelia\/wp-content\/uploads\/sites\/3\/2021\/08\/Panorama-Bokekrona-25.08.21-scaled.jpg","datePublished":"2021-08-25T08:38:19+00:00","dateModified":"2021-09-01T10:23:18+00:00","breadcrumb":{"@id":"https:\/\/formateiendom.no\/kjellelia\/2021\/08\/bokekrona-status\/#breadcrumb"},"inLanguage":"nb-NO","potentialAction":[{"@type":"ReadAction","target":["https:\/\/formateiendom.no\/kjellelia\/2021\/08\/bokekrona-status\/"]}]},{"@type":"ImageObject","inLanguage":"nb-NO","@id":"https:\/\/formateiendom.no\/kjellelia\/2021\/08\/bokekrona-status\/#primaryimage","url":"https:\/\/formateiendom.no\/kjellelia\/wp-content\/uploads\/sites\/3\/2021\/08\/Panorama-Bokekrona-25.08.21-scaled.jpg","contentUrl":"https:\/\/formateiendom.no\/kjellelia\/wp-content\/uploads\/sites\/3\/2021\/08\/Panorama-Bokekrona-25.08.21-scaled.jpg","width":2048,"height":503},{"@type":"BreadcrumbList","@id":"https:\/\/formateiendom.no\/kjellelia\/2021\/08\/bokekrona-status\/#breadcrumb","itemListElement":[{"@type":"ListItem","position":1,"name":"Hjem","item":"https:\/\/formateiendom.no\/kjellelia\/"},{"@type":"ListItem","position":2,"name":"B\u00f8kekrona"}]},{"@type":"WebSite","@id":"https:\/\/formateiendom.no\/kjellelia\/#website","url":"https:\/\/formateiendom.no\/kjellelia\/","name":"Kjellelia","description":"Flotte leiligheter sentralt i T\u00f8nsberg","publisher":{"@id":"https:\/\/formateiendom.no\/kjellelia\/#organization"},"potentialAction":[{"@type":"SearchAction","target":{"@type":"EntryPoint","urlTemplate":"https:\/\/formateiendom.no\/kjellelia\/?s={search_term_string}"},"query-input":{"@type":"PropertyValueSpecification","valueRequired":true,"valueName":"search_term_string"}}],"inLanguage":"nb-NO"},{"@type":"Organization","@id":"https:\/\/formateiendom.no\/kjellelia\/#organization","name":"Kjellelia","url":"https:\/\/formateiendom.no\/kjellelia\/","logo":{"@type":"ImageObject","inLanguage":"nb-NO","@id":"https:\/\/formateiendom.no\/kjellelia\/#\/schema\/logo\/image\/","url":"https:\/\/formateiendom.no\/kjellelia\/wp-content\/uploads\/sites\/3\/2020\/02\/cropped-kjellelialogo.png","contentUrl":"https:\/\/formateiendom.no\/kjellelia\/wp-content\/uploads\/sites\/3\/2020\/02\/cropped-kjellelialogo.png","width":655,"height":235,"caption":"Kjellelia"},"image":{"@id":"https:\/\/formateiendom.no\/kjellelia\/#\/schema\/logo\/image\/"}},{"@type":"Person","@id":"https:\/\/formateiendom.no\/kjellelia\/#\/schema\/person\/af23e52400b6e226a8facf9147b21ceb","name":"betinalindgren","image":{"@type":"ImageObject","inLanguage":"nb-NO","@id":"https:\/\/formateiendom.no\/kjellelia\/#\/schema\/person\/image\/","url":"https:\/\/secure.gravatar.com\/avatar\/4b3b025ab0ce8de80f6fe00dd66938b52e3081b0ec873c13a13ae13e2603e05e?s=96&d=mm&r=g","contentUrl":"https:\/\/secure.gravatar.com\/avatar\/4b3b025ab0ce8de80f6fe00dd66938b52e3081b0ec873c13a13ae13e2603e05e?s=96&d=mm&r=g","caption":"betinalindgren"},"url":"https:\/\/formateiendom.no\/kjellelia\/author\/betinalindgren\/"}]}},"acf":[],"_links":{"self":[{"href":"https:\/\/formateiendom.no\/kjellelia\/wp-json\/wp\/v2\/posts\/1904","targetHints":{"allow":["GET"]}}],"collection":[{"href":"https:\/\/formateiendom.no\/kjellelia\/wp-json\/wp\/v2\/posts"}],"about":[{"href":"https:\/\/formateiendom.no\/kjellelia\/wp-json\/wp\/v2\/types\/post"}],"author":[{"embeddable":true,"href":"https:\/\/formateiendom.no\/kjellelia\/wp-json\/wp\/v2\/users\/5"}],"replies":[{"embeddable":true,"href":"https:\/\/formateiendom.no\/kjellelia\/wp-json\/wp\/v2\/comments?post=1904"}],"version-history":[{"count":2,"href":"https:\/\/formateiendom.no\/kjellelia\/wp-json\/wp\/v2\/posts\/1904\/revisions"}],"predecessor-version":[{"id":1906,"href":"https:\/\/formateiendom.no\/kjellelia\/wp-json\/wp\/v2\/posts\/1904\/revisions\/1906"}],"wp:featuredmedia":[{"embeddable":true,"href":"https:\/\/formateiendom.no\/kjellelia\/wp-json\/wp\/v2\/media\/1900"}],"wp:attachment":[{"href":"https:\/\/formateiendom.no\/kjellelia\/wp-json\/wp\/v2\/media?parent=1904"}],"wp:term":[{"taxonomy":"category","embeddable":true,"href":"https:\/\/formateiendom.no\/kjellelia\/wp-json\/wp\/v2\/categories?post=1904"},{"taxonomy":"post_tag","embeddable":true,"href":"https:\/\/formateiendom.no\/kjellelia\/wp-json\/wp\/v2\/tags?post=1904"}],"curies":[{"name":"wp","href":"https:\/\/api.w.org\/{rel}","templated":true}]}}