{"id":714,"date":"2020-09-07T09:30:00","date_gmt":"2020-09-07T07:30:00","guid":{"rendered":"https:\/\/formateiendom.no\/kjellelia\/?p=714"},"modified":"2020-09-07T11:26:06","modified_gmt":"2020-09-07T09:26:06","slug":"snart-innflytting-i-eikekrona","status":"publish","type":"post","link":"https:\/\/formateiendom.no\/kjellelia\/2020\/09\/snart-innflytting-i-eikekrona\/","title":{"rendered":"Snart innflytting i Eikekrona"},"content":{"rendered":"\n<p>Byggingen av Eikekrona, Rose og Fiol g\u00e5r etter oppsatt plan og begynner virkelig \u00e5 ta form. Alle leilighetene er innflyttingsklare f\u00f8rste halvdel av november. Vi har n\u00e5 etablert en visningsleilighet (603) i Eikekrona som er m\u00f8blert av Pene Rom Boligstyling. Fotograf Frank Hesjedal har tatt noen flotte bilder fra leiligheten som vi gjerne viser frem.<\/p>\n\n\n\n<figure class=\"wp-block-gallery columns-3 is-cropped wp-block-gallery-1 is-layout-flex wp-block-gallery-is-layout-flex\"><ul class=\"blocks-gallery-grid\"><li class=\"blocks-gallery-item\"><figure><img fetchpriority=\"high\" decoding=\"async\" width=\"1024\" height=\"683\" src=\"https:\/\/formateiendom.no\/kjellelia\/wp-content\/uploads\/sites\/3\/2020\/09\/foto-030-1024x683.jpg\" alt=\"\" data-id=\"720\" data-full-url=\"https:\/\/formateiendom.no\/kjellelia\/wp-content\/uploads\/sites\/3\/2020\/09\/foto-030-scaled.jpg\" data-link=\"https:\/\/formateiendom.no\/kjellelia\/?attachment_id=720\" class=\"wp-image-720\" srcset=\"https:\/\/formateiendom.no\/kjellelia\/wp-content\/uploads\/sites\/3\/2020\/09\/foto-030-1024x683.jpg 1024w, https:\/\/formateiendom.no\/kjellelia\/wp-content\/uploads\/sites\/3\/2020\/09\/foto-030-300x200.jpg 300w, https:\/\/formateiendom.no\/kjellelia\/wp-content\/uploads\/sites\/3\/2020\/09\/foto-030-768x512.jpg 768w, https:\/\/formateiendom.no\/kjellelia\/wp-content\/uploads\/sites\/3\/2020\/09\/foto-030-1536x1025.jpg 1536w, https:\/\/formateiendom.no\/kjellelia\/wp-content\/uploads\/sites\/3\/2020\/09\/foto-030-scaled.jpg 2048w\" sizes=\"(max-width: 1024px) 100vw, 1024px\" \/><\/figure><\/li><li class=\"blocks-gallery-item\"><figure><img decoding=\"async\" width=\"1024\" height=\"685\" src=\"https:\/\/formateiendom.no\/kjellelia\/wp-content\/uploads\/sites\/3\/2020\/09\/foto-022-1024x685.jpg\" alt=\"\" data-id=\"718\" data-full-url=\"https:\/\/formateiendom.no\/kjellelia\/wp-content\/uploads\/sites\/3\/2020\/09\/foto-022-scaled.jpg\" data-link=\"https:\/\/formateiendom.no\/kjellelia\/?attachment_id=718\" class=\"wp-image-718\" srcset=\"https:\/\/formateiendom.no\/kjellelia\/wp-content\/uploads\/sites\/3\/2020\/09\/foto-022-1024x685.jpg 1024w, https:\/\/formateiendom.no\/kjellelia\/wp-content\/uploads\/sites\/3\/2020\/09\/foto-022-300x201.jpg 300w, https:\/\/formateiendom.no\/kjellelia\/wp-content\/uploads\/sites\/3\/2020\/09\/foto-022-768x514.jpg 768w, https:\/\/formateiendom.no\/kjellelia\/wp-content\/uploads\/sites\/3\/2020\/09\/foto-022-1536x1027.jpg 1536w, https:\/\/formateiendom.no\/kjellelia\/wp-content\/uploads\/sites\/3\/2020\/09\/foto-022-scaled.jpg 2048w\" sizes=\"(max-width: 1024px) 100vw, 1024px\" \/><\/figure><\/li><li class=\"blocks-gallery-item\"><figure><img decoding=\"async\" width=\"1024\" height=\"683\" src=\"https:\/\/formateiendom.no\/kjellelia\/wp-content\/uploads\/sites\/3\/2020\/09\/foto-027-1024x683.jpg\" alt=\"\" data-id=\"719\" data-full-url=\"https:\/\/formateiendom.no\/kjellelia\/wp-content\/uploads\/sites\/3\/2020\/09\/foto-027-scaled.jpg\" data-link=\"https:\/\/formateiendom.no\/kjellelia\/?attachment_id=719\" class=\"wp-image-719\" srcset=\"https:\/\/formateiendom.no\/kjellelia\/wp-content\/uploads\/sites\/3\/2020\/09\/foto-027-1024x683.jpg 1024w, https:\/\/formateiendom.no\/kjellelia\/wp-content\/uploads\/sites\/3\/2020\/09\/foto-027-300x200.jpg 300w, https:\/\/formateiendom.no\/kjellelia\/wp-content\/uploads\/sites\/3\/2020\/09\/foto-027-768x512.jpg 768w, https:\/\/formateiendom.no\/kjellelia\/wp-content\/uploads\/sites\/3\/2020\/09\/foto-027-1536x1024.jpg 1536w, https:\/\/formateiendom.no\/kjellelia\/wp-content\/uploads\/sites\/3\/2020\/09\/foto-027-scaled.jpg 2048w\" sizes=\"(max-width: 1024px) 100vw, 1024px\" \/><\/figure><\/li><li class=\"blocks-gallery-item\"><figure><img loading=\"lazy\" decoding=\"async\" width=\"1024\" height=\"683\" src=\"https:\/\/formateiendom.no\/kjellelia\/wp-content\/uploads\/sites\/3\/2020\/09\/foto-006-1024x683.jpg\" alt=\"\" data-id=\"716\" data-full-url=\"https:\/\/formateiendom.no\/kjellelia\/wp-content\/uploads\/sites\/3\/2020\/09\/foto-006-scaled.jpg\" data-link=\"https:\/\/formateiendom.no\/kjellelia\/?attachment_id=716\" class=\"wp-image-716\" srcset=\"https:\/\/formateiendom.no\/kjellelia\/wp-content\/uploads\/sites\/3\/2020\/09\/foto-006-1024x683.jpg 1024w, https:\/\/formateiendom.no\/kjellelia\/wp-content\/uploads\/sites\/3\/2020\/09\/foto-006-300x200.jpg 300w, https:\/\/formateiendom.no\/kjellelia\/wp-content\/uploads\/sites\/3\/2020\/09\/foto-006-768x512.jpg 768w, https:\/\/formateiendom.no\/kjellelia\/wp-content\/uploads\/sites\/3\/2020\/09\/foto-006-1536x1024.jpg 1536w, https:\/\/formateiendom.no\/kjellelia\/wp-content\/uploads\/sites\/3\/2020\/09\/foto-006-scaled.jpg 2048w\" sizes=\"(max-width: 1024px) 100vw, 1024px\" \/><\/figure><\/li><li class=\"blocks-gallery-item\"><figure><img loading=\"lazy\" decoding=\"async\" width=\"1024\" height=\"683\" src=\"https:\/\/formateiendom.no\/kjellelia\/wp-content\/uploads\/sites\/3\/2020\/09\/foto-017-1024x683.jpg\" alt=\"\" data-id=\"717\" data-full-url=\"https:\/\/formateiendom.no\/kjellelia\/wp-content\/uploads\/sites\/3\/2020\/09\/foto-017-scaled.jpg\" data-link=\"https:\/\/formateiendom.no\/kjellelia\/?attachment_id=717\" class=\"wp-image-717\" srcset=\"https:\/\/formateiendom.no\/kjellelia\/wp-content\/uploads\/sites\/3\/2020\/09\/foto-017-1024x683.jpg 1024w, https:\/\/formateiendom.no\/kjellelia\/wp-content\/uploads\/sites\/3\/2020\/09\/foto-017-300x200.jpg 300w, https:\/\/formateiendom.no\/kjellelia\/wp-content\/uploads\/sites\/3\/2020\/09\/foto-017-768x512.jpg 768w, https:\/\/formateiendom.no\/kjellelia\/wp-content\/uploads\/sites\/3\/2020\/09\/foto-017-1536x1024.jpg 1536w, https:\/\/formateiendom.no\/kjellelia\/wp-content\/uploads\/sites\/3\/2020\/09\/foto-017-scaled.jpg 2048w\" sizes=\"(max-width: 1024px) 100vw, 1024px\" \/><\/figure><\/li><li class=\"blocks-gallery-item\"><figure><img loading=\"lazy\" decoding=\"async\" width=\"1024\" height=\"683\" src=\"https:\/\/formateiendom.no\/kjellelia\/wp-content\/uploads\/sites\/3\/2020\/09\/foto-086-1024x683.jpg\" alt=\"\" data-id=\"723\" data-full-url=\"https:\/\/formateiendom.no\/kjellelia\/wp-content\/uploads\/sites\/3\/2020\/09\/foto-086-scaled.jpg\" data-link=\"https:\/\/formateiendom.no\/kjellelia\/?attachment_id=723\" class=\"wp-image-723\" srcset=\"https:\/\/formateiendom.no\/kjellelia\/wp-content\/uploads\/sites\/3\/2020\/09\/foto-086-1024x683.jpg 1024w, https:\/\/formateiendom.no\/kjellelia\/wp-content\/uploads\/sites\/3\/2020\/09\/foto-086-300x200.jpg 300w, https:\/\/formateiendom.no\/kjellelia\/wp-content\/uploads\/sites\/3\/2020\/09\/foto-086-768x512.jpg 768w, https:\/\/formateiendom.no\/kjellelia\/wp-content\/uploads\/sites\/3\/2020\/09\/foto-086-1536x1024.jpg 1536w, https:\/\/formateiendom.no\/kjellelia\/wp-content\/uploads\/sites\/3\/2020\/09\/foto-086-scaled.jpg 2048w\" sizes=\"(max-width: 1024px) 100vw, 1024px\" \/><\/figure><\/li><li class=\"blocks-gallery-item\"><figure><img loading=\"lazy\" decoding=\"async\" width=\"1024\" height=\"683\" src=\"https:\/\/formateiendom.no\/kjellelia\/wp-content\/uploads\/sites\/3\/2020\/09\/foto-080-1024x683.jpg\" alt=\"\" data-id=\"722\" data-full-url=\"https:\/\/formateiendom.no\/kjellelia\/wp-content\/uploads\/sites\/3\/2020\/09\/foto-080-scaled.jpg\" data-link=\"https:\/\/formateiendom.no\/kjellelia\/?attachment_id=722\" class=\"wp-image-722\" srcset=\"https:\/\/formateiendom.no\/kjellelia\/wp-content\/uploads\/sites\/3\/2020\/09\/foto-080-1024x683.jpg 1024w, https:\/\/formateiendom.no\/kjellelia\/wp-content\/uploads\/sites\/3\/2020\/09\/foto-080-300x200.jpg 300w, https:\/\/formateiendom.no\/kjellelia\/wp-content\/uploads\/sites\/3\/2020\/09\/foto-080-768x512.jpg 768w, https:\/\/formateiendom.no\/kjellelia\/wp-content\/uploads\/sites\/3\/2020\/09\/foto-080-1536x1024.jpg 1536w, https:\/\/formateiendom.no\/kjellelia\/wp-content\/uploads\/sites\/3\/2020\/09\/foto-080-scaled.jpg 2048w\" sizes=\"(max-width: 1024px) 100vw, 1024px\" \/><\/figure><\/li><\/ul><\/figure>\n","protected":false},"excerpt":{"rendered":"<p>Byggingen av Eikekrona, Rose og Fiol g\u00e5r etter oppsatt plan og begynner virkelig \u00e5 ta form. Alle leilighetene er innflyttingsklare f\u00f8rste halvdel av november. Vi har n\u00e5 etablert en visningsleilighet (603) i Eikekrona som er m\u00f8blert av Pene Rom Boligstyling. Fotograf Frank Hesjedal har tatt noen flotte bilder fra leiligheten som vi gjerne viser frem.<\/p>\n","protected":false},"author":3,"featured_media":720,"comment_status":"open","ping_status":"open","sticky":true,"template":"","format":"standard","meta":{"inline_featured_image":false,"footnotes":""},"categories":[1],"tags":[],"class_list":["post-714","post","type-post","status-publish","format-standard","has-post-thumbnail","hentry","category-ukategorisert"],"yoast_head":"<!-- This site is optimized with the Yoast SEO plugin v26.9 - https:\/\/yoast.com\/product\/yoast-seo-wordpress\/ -->\n<title>Snart innflytting i Eikekrona - Kjellelia<\/title>\n<meta name=\"robots\" content=\"index, follow, max-snippet:-1, max-image-preview:large, max-video-preview:-1\" \/>\n<link rel=\"canonical\" href=\"https:\/\/formateiendom.no\/kjellelia\/2020\/09\/snart-innflytting-i-eikekrona\/\" \/>\n<meta property=\"og:locale\" content=\"nb_NO\" \/>\n<meta property=\"og:type\" content=\"article\" \/>\n<meta property=\"og:title\" content=\"Snart innflytting i Eikekrona - Kjellelia\" \/>\n<meta property=\"og:description\" content=\"Byggingen av Eikekrona, Rose og Fiol g\u00e5r etter oppsatt plan og begynner virkelig \u00e5 ta form. Alle leilighetene er innflyttingsklare f\u00f8rste halvdel av november. Vi har n\u00e5 etablert en visningsleilighet (603) i Eikekrona som er m\u00f8blert av Pene Rom Boligstyling. Fotograf Frank Hesjedal har tatt noen flotte bilder fra leiligheten som vi gjerne viser frem.\" \/>\n<meta property=\"og:url\" content=\"https:\/\/formateiendom.no\/kjellelia\/2020\/09\/snart-innflytting-i-eikekrona\/\" \/>\n<meta property=\"og:site_name\" content=\"Kjellelia\" \/>\n<meta property=\"article:published_time\" content=\"2020-09-07T07:30:00+00:00\" \/>\n<meta property=\"article:modified_time\" content=\"2020-09-07T09:26:06+00:00\" \/>\n<meta property=\"og:image\" content=\"https:\/\/formateiendom.no\/kjellelia\/wp-content\/uploads\/sites\/3\/2020\/09\/foto-030-scaled.jpg\" \/>\n\t<meta property=\"og:image:width\" content=\"2048\" \/>\n\t<meta property=\"og:image:height\" content=\"1366\" \/>\n\t<meta property=\"og:image:type\" content=\"image\/jpeg\" \/>\n<meta name=\"author\" content=\"gunnhilde\" \/>\n<meta name=\"twitter:card\" content=\"summary_large_image\" \/>\n<meta name=\"twitter:label1\" content=\"Skrevet av\" \/>\n\t<meta name=\"twitter:data1\" content=\"gunnhilde\" \/>\n<script type=\"application\/ld+json\" class=\"yoast-schema-graph\">{\"@context\":\"https:\/\/schema.org\",\"@graph\":[{\"@type\":\"Article\",\"@id\":\"https:\/\/formateiendom.no\/kjellelia\/2020\/09\/snart-innflytting-i-eikekrona\/#article\",\"isPartOf\":{\"@id\":\"https:\/\/formateiendom.no\/kjellelia\/2020\/09\/snart-innflytting-i-eikekrona\/\"},\"author\":{\"name\":\"gunnhilde\",\"@id\":\"https:\/\/formateiendom.no\/kjellelia\/#\/schema\/person\/f1f3d349dd5c198fa42b386b91db9663\"},\"headline\":\"Snart innflytting i Eikekrona\",\"datePublished\":\"2020-09-07T07:30:00+00:00\",\"dateModified\":\"2020-09-07T09:26:06+00:00\",\"mainEntityOfPage\":{\"@id\":\"https:\/\/formateiendom.no\/kjellelia\/2020\/09\/snart-innflytting-i-eikekrona\/\"},\"wordCount\":60,\"commentCount\":0,\"publisher\":{\"@id\":\"https:\/\/formateiendom.no\/kjellelia\/#organization\"},\"image\":{\"@id\":\"https:\/\/formateiendom.no\/kjellelia\/2020\/09\/snart-innflytting-i-eikekrona\/#primaryimage\"},\"thumbnailUrl\":\"https:\/\/formateiendom.no\/kjellelia\/wp-content\/uploads\/sites\/3\/2020\/09\/foto-030-scaled.jpg\",\"inLanguage\":\"nb-NO\",\"potentialAction\":[{\"@type\":\"CommentAction\",\"name\":\"Comment\",\"target\":[\"https:\/\/formateiendom.no\/kjellelia\/2020\/09\/snart-innflytting-i-eikekrona\/#respond\"]}]},{\"@type\":\"WebPage\",\"@id\":\"https:\/\/formateiendom.no\/kjellelia\/2020\/09\/snart-innflytting-i-eikekrona\/\",\"url\":\"https:\/\/formateiendom.no\/kjellelia\/2020\/09\/snart-innflytting-i-eikekrona\/\",\"name\":\"Snart innflytting i Eikekrona - Kjellelia\",\"isPartOf\":{\"@id\":\"https:\/\/formateiendom.no\/kjellelia\/#website\"},\"primaryImageOfPage\":{\"@id\":\"https:\/\/formateiendom.no\/kjellelia\/2020\/09\/snart-innflytting-i-eikekrona\/#primaryimage\"},\"image\":{\"@id\":\"https:\/\/formateiendom.no\/kjellelia\/2020\/09\/snart-innflytting-i-eikekrona\/#primaryimage\"},\"thumbnailUrl\":\"https:\/\/formateiendom.no\/kjellelia\/wp-content\/uploads\/sites\/3\/2020\/09\/foto-030-scaled.jpg\",\"datePublished\":\"2020-09-07T07:30:00+00:00\",\"dateModified\":\"2020-09-07T09:26:06+00:00\",\"breadcrumb\":{\"@id\":\"https:\/\/formateiendom.no\/kjellelia\/2020\/09\/snart-innflytting-i-eikekrona\/#breadcrumb\"},\"inLanguage\":\"nb-NO\",\"potentialAction\":[{\"@type\":\"ReadAction\",\"target\":[\"https:\/\/formateiendom.no\/kjellelia\/2020\/09\/snart-innflytting-i-eikekrona\/\"]}]},{\"@type\":\"ImageObject\",\"inLanguage\":\"nb-NO\",\"@id\":\"https:\/\/formateiendom.no\/kjellelia\/2020\/09\/snart-innflytting-i-eikekrona\/#primaryimage\",\"url\":\"https:\/\/formateiendom.no\/kjellelia\/wp-content\/uploads\/sites\/3\/2020\/09\/foto-030-scaled.jpg\",\"contentUrl\":\"https:\/\/formateiendom.no\/kjellelia\/wp-content\/uploads\/sites\/3\/2020\/09\/foto-030-scaled.jpg\",\"width\":2048,\"height\":1366},{\"@type\":\"BreadcrumbList\",\"@id\":\"https:\/\/formateiendom.no\/kjellelia\/2020\/09\/snart-innflytting-i-eikekrona\/#breadcrumb\",\"itemListElement\":[{\"@type\":\"ListItem\",\"position\":1,\"name\":\"Hjem\",\"item\":\"https:\/\/formateiendom.no\/kjellelia\/\"},{\"@type\":\"ListItem\",\"position\":2,\"name\":\"Snart innflytting i Eikekrona\"}]},{\"@type\":\"WebSite\",\"@id\":\"https:\/\/formateiendom.no\/kjellelia\/#website\",\"url\":\"https:\/\/formateiendom.no\/kjellelia\/\",\"name\":\"Kjellelia\",\"description\":\"Flotte leiligheter sentralt i T\u00f8nsberg\",\"publisher\":{\"@id\":\"https:\/\/formateiendom.no\/kjellelia\/#organization\"},\"potentialAction\":[{\"@type\":\"SearchAction\",\"target\":{\"@type\":\"EntryPoint\",\"urlTemplate\":\"https:\/\/formateiendom.no\/kjellelia\/?s={search_term_string}\"},\"query-input\":{\"@type\":\"PropertyValueSpecification\",\"valueRequired\":true,\"valueName\":\"search_term_string\"}}],\"inLanguage\":\"nb-NO\"},{\"@type\":\"Organization\",\"@id\":\"https:\/\/formateiendom.no\/kjellelia\/#organization\",\"name\":\"Kjellelia\",\"url\":\"https:\/\/formateiendom.no\/kjellelia\/\",\"logo\":{\"@type\":\"ImageObject\",\"inLanguage\":\"nb-NO\",\"@id\":\"https:\/\/formateiendom.no\/kjellelia\/#\/schema\/logo\/image\/\",\"url\":\"https:\/\/formateiendom.no\/kjellelia\/wp-content\/uploads\/sites\/3\/2020\/02\/cropped-kjellelialogo.png\",\"contentUrl\":\"https:\/\/formateiendom.no\/kjellelia\/wp-content\/uploads\/sites\/3\/2020\/02\/cropped-kjellelialogo.png\",\"width\":655,\"height\":235,\"caption\":\"Kjellelia\"},\"image\":{\"@id\":\"https:\/\/formateiendom.no\/kjellelia\/#\/schema\/logo\/image\/\"}},{\"@type\":\"Person\",\"@id\":\"https:\/\/formateiendom.no\/kjellelia\/#\/schema\/person\/f1f3d349dd5c198fa42b386b91db9663\",\"name\":\"gunnhilde\",\"image\":{\"@type\":\"ImageObject\",\"inLanguage\":\"nb-NO\",\"@id\":\"https:\/\/formateiendom.no\/kjellelia\/#\/schema\/person\/image\/\",\"url\":\"https:\/\/secure.gravatar.com\/avatar\/24656e7d8d7a53b48692e95eb00c018d0e0c1f9d7e21d48e6a91fdfcf10bceae?s=96&d=mm&r=g\",\"contentUrl\":\"https:\/\/secure.gravatar.com\/avatar\/24656e7d8d7a53b48692e95eb00c018d0e0c1f9d7e21d48e6a91fdfcf10bceae?s=96&d=mm&r=g\",\"caption\":\"gunnhilde\"},\"url\":\"https:\/\/formateiendom.no\/kjellelia\/author\/gunnhilde\/\"}]}<\/script>\n<!-- \/ Yoast SEO plugin. -->","yoast_head_json":{"title":"Snart innflytting i Eikekrona - Kjellelia","robots":{"index":"index","follow":"follow","max-snippet":"max-snippet:-1","max-image-preview":"max-image-preview:large","max-video-preview":"max-video-preview:-1"},"canonical":"https:\/\/formateiendom.no\/kjellelia\/2020\/09\/snart-innflytting-i-eikekrona\/","og_locale":"nb_NO","og_type":"article","og_title":"Snart innflytting i Eikekrona - Kjellelia","og_description":"Byggingen av Eikekrona, Rose og Fiol g\u00e5r etter oppsatt plan og begynner virkelig \u00e5 ta form. Alle leilighetene er innflyttingsklare f\u00f8rste halvdel av november. Vi har n\u00e5 etablert en visningsleilighet (603) i Eikekrona som er m\u00f8blert av Pene Rom Boligstyling. Fotograf Frank Hesjedal har tatt noen flotte bilder fra leiligheten som vi gjerne viser frem.","og_url":"https:\/\/formateiendom.no\/kjellelia\/2020\/09\/snart-innflytting-i-eikekrona\/","og_site_name":"Kjellelia","article_published_time":"2020-09-07T07:30:00+00:00","article_modified_time":"2020-09-07T09:26:06+00:00","og_image":[{"width":2048,"height":1366,"url":"https:\/\/formateiendom.no\/kjellelia\/wp-content\/uploads\/sites\/3\/2020\/09\/foto-030-scaled.jpg","type":"image\/jpeg"}],"author":"gunnhilde","twitter_card":"summary_large_image","twitter_misc":{"Skrevet av":"gunnhilde"},"schema":{"@context":"https:\/\/schema.org","@graph":[{"@type":"Article","@id":"https:\/\/formateiendom.no\/kjellelia\/2020\/09\/snart-innflytting-i-eikekrona\/#article","isPartOf":{"@id":"https:\/\/formateiendom.no\/kjellelia\/2020\/09\/snart-innflytting-i-eikekrona\/"},"author":{"name":"gunnhilde","@id":"https:\/\/formateiendom.no\/kjellelia\/#\/schema\/person\/f1f3d349dd5c198fa42b386b91db9663"},"headline":"Snart innflytting i Eikekrona","datePublished":"2020-09-07T07:30:00+00:00","dateModified":"2020-09-07T09:26:06+00:00","mainEntityOfPage":{"@id":"https:\/\/formateiendom.no\/kjellelia\/2020\/09\/snart-innflytting-i-eikekrona\/"},"wordCount":60,"commentCount":0,"publisher":{"@id":"https:\/\/formateiendom.no\/kjellelia\/#organization"},"image":{"@id":"https:\/\/formateiendom.no\/kjellelia\/2020\/09\/snart-innflytting-i-eikekrona\/#primaryimage"},"thumbnailUrl":"https:\/\/formateiendom.no\/kjellelia\/wp-content\/uploads\/sites\/3\/2020\/09\/foto-030-scaled.jpg","inLanguage":"nb-NO","potentialAction":[{"@type":"CommentAction","name":"Comment","target":["https:\/\/formateiendom.no\/kjellelia\/2020\/09\/snart-innflytting-i-eikekrona\/#respond"]}]},{"@type":"WebPage","@id":"https:\/\/formateiendom.no\/kjellelia\/2020\/09\/snart-innflytting-i-eikekrona\/","url":"https:\/\/formateiendom.no\/kjellelia\/2020\/09\/snart-innflytting-i-eikekrona\/","name":"Snart innflytting i Eikekrona - Kjellelia","isPartOf":{"@id":"https:\/\/formateiendom.no\/kjellelia\/#website"},"primaryImageOfPage":{"@id":"https:\/\/formateiendom.no\/kjellelia\/2020\/09\/snart-innflytting-i-eikekrona\/#primaryimage"},"image":{"@id":"https:\/\/formateiendom.no\/kjellelia\/2020\/09\/snart-innflytting-i-eikekrona\/#primaryimage"},"thumbnailUrl":"https:\/\/formateiendom.no\/kjellelia\/wp-content\/uploads\/sites\/3\/2020\/09\/foto-030-scaled.jpg","datePublished":"2020-09-07T07:30:00+00:00","dateModified":"2020-09-07T09:26:06+00:00","breadcrumb":{"@id":"https:\/\/formateiendom.no\/kjellelia\/2020\/09\/snart-innflytting-i-eikekrona\/#breadcrumb"},"inLanguage":"nb-NO","potentialAction":[{"@type":"ReadAction","target":["https:\/\/formateiendom.no\/kjellelia\/2020\/09\/snart-innflytting-i-eikekrona\/"]}]},{"@type":"ImageObject","inLanguage":"nb-NO","@id":"https:\/\/formateiendom.no\/kjellelia\/2020\/09\/snart-innflytting-i-eikekrona\/#primaryimage","url":"https:\/\/formateiendom.no\/kjellelia\/wp-content\/uploads\/sites\/3\/2020\/09\/foto-030-scaled.jpg","contentUrl":"https:\/\/formateiendom.no\/kjellelia\/wp-content\/uploads\/sites\/3\/2020\/09\/foto-030-scaled.jpg","width":2048,"height":1366},{"@type":"BreadcrumbList","@id":"https:\/\/formateiendom.no\/kjellelia\/2020\/09\/snart-innflytting-i-eikekrona\/#breadcrumb","itemListElement":[{"@type":"ListItem","position":1,"name":"Hjem","item":"https:\/\/formateiendom.no\/kjellelia\/"},{"@type":"ListItem","position":2,"name":"Snart innflytting i Eikekrona"}]},{"@type":"WebSite","@id":"https:\/\/formateiendom.no\/kjellelia\/#website","url":"https:\/\/formateiendom.no\/kjellelia\/","name":"Kjellelia","description":"Flotte leiligheter sentralt i T\u00f8nsberg","publisher":{"@id":"https:\/\/formateiendom.no\/kjellelia\/#organization"},"potentialAction":[{"@type":"SearchAction","target":{"@type":"EntryPoint","urlTemplate":"https:\/\/formateiendom.no\/kjellelia\/?s={search_term_string}"},"query-input":{"@type":"PropertyValueSpecification","valueRequired":true,"valueName":"search_term_string"}}],"inLanguage":"nb-NO"},{"@type":"Organization","@id":"https:\/\/formateiendom.no\/kjellelia\/#organization","name":"Kjellelia","url":"https:\/\/formateiendom.no\/kjellelia\/","logo":{"@type":"ImageObject","inLanguage":"nb-NO","@id":"https:\/\/formateiendom.no\/kjellelia\/#\/schema\/logo\/image\/","url":"https:\/\/formateiendom.no\/kjellelia\/wp-content\/uploads\/sites\/3\/2020\/02\/cropped-kjellelialogo.png","contentUrl":"https:\/\/formateiendom.no\/kjellelia\/wp-content\/uploads\/sites\/3\/2020\/02\/cropped-kjellelialogo.png","width":655,"height":235,"caption":"Kjellelia"},"image":{"@id":"https:\/\/formateiendom.no\/kjellelia\/#\/schema\/logo\/image\/"}},{"@type":"Person","@id":"https:\/\/formateiendom.no\/kjellelia\/#\/schema\/person\/f1f3d349dd5c198fa42b386b91db9663","name":"gunnhilde","image":{"@type":"ImageObject","inLanguage":"nb-NO","@id":"https:\/\/formateiendom.no\/kjellelia\/#\/schema\/person\/image\/","url":"https:\/\/secure.gravatar.com\/avatar\/24656e7d8d7a53b48692e95eb00c018d0e0c1f9d7e21d48e6a91fdfcf10bceae?s=96&d=mm&r=g","contentUrl":"https:\/\/secure.gravatar.com\/avatar\/24656e7d8d7a53b48692e95eb00c018d0e0c1f9d7e21d48e6a91fdfcf10bceae?s=96&d=mm&r=g","caption":"gunnhilde"},"url":"https:\/\/formateiendom.no\/kjellelia\/author\/gunnhilde\/"}]}},"acf":[],"_links":{"self":[{"href":"https:\/\/formateiendom.no\/kjellelia\/wp-json\/wp\/v2\/posts\/714","targetHints":{"allow":["GET"]}}],"collection":[{"href":"https:\/\/formateiendom.no\/kjellelia\/wp-json\/wp\/v2\/posts"}],"about":[{"href":"https:\/\/formateiendom.no\/kjellelia\/wp-json\/wp\/v2\/types\/post"}],"author":[{"embeddable":true,"href":"https:\/\/formateiendom.no\/kjellelia\/wp-json\/wp\/v2\/users\/3"}],"replies":[{"embeddable":true,"href":"https:\/\/formateiendom.no\/kjellelia\/wp-json\/wp\/v2\/comments?post=714"}],"version-history":[{"count":5,"href":"https:\/\/formateiendom.no\/kjellelia\/wp-json\/wp\/v2\/posts\/714\/revisions"}],"predecessor-version":[{"id":730,"href":"https:\/\/formateiendom.no\/kjellelia\/wp-json\/wp\/v2\/posts\/714\/revisions\/730"}],"wp:featuredmedia":[{"embeddable":true,"href":"https:\/\/formateiendom.no\/kjellelia\/wp-json\/wp\/v2\/media\/720"}],"wp:attachment":[{"href":"https:\/\/formateiendom.no\/kjellelia\/wp-json\/wp\/v2\/media?parent=714"}],"wp:term":[{"taxonomy":"category","embeddable":true,"href":"https:\/\/formateiendom.no\/kjellelia\/wp-json\/wp\/v2\/categories?post=714"},{"taxonomy":"post_tag","embeddable":true,"href":"https:\/\/formateiendom.no\/kjellelia\/wp-json\/wp\/v2\/tags?post=714"}],"curies":[{"name":"wp","href":"https:\/\/api.w.org\/{rel}","templated":true}]}}