{"id":769,"date":"2020-10-22T19:43:33","date_gmt":"2020-10-22T17:43:33","guid":{"rendered":"https:\/\/formateiendom.no\/kjellelia\/?p=769"},"modified":"2020-10-22T19:50:17","modified_gmt":"2020-10-22T17:50:17","slug":"klart-for-nye-eiere","status":"publish","type":"post","link":"https:\/\/formateiendom.no\/kjellelia\/2020\/10\/klart-for-nye-eiere\/","title":{"rendered":"Klart for nye eiere"},"content":{"rendered":"\n<figure class=\"wp-block-image size-large\"><img fetchpriority=\"high\" decoding=\"async\" width=\"985\" height=\"1024\" src=\"https:\/\/formateiendom.no\/kjellelia\/wp-content\/uploads\/sites\/3\/2020\/10\/Eikekrona-fasade-3-klippet-985x1024.jpg\" alt=\"\" class=\"wp-image-770\" srcset=\"https:\/\/formateiendom.no\/kjellelia\/wp-content\/uploads\/sites\/3\/2020\/10\/Eikekrona-fasade-3-klippet-985x1024.jpg 985w, https:\/\/formateiendom.no\/kjellelia\/wp-content\/uploads\/sites\/3\/2020\/10\/Eikekrona-fasade-3-klippet-288x300.jpg 288w, https:\/\/formateiendom.no\/kjellelia\/wp-content\/uploads\/sites\/3\/2020\/10\/Eikekrona-fasade-3-klippet-768x799.jpg 768w, https:\/\/formateiendom.no\/kjellelia\/wp-content\/uploads\/sites\/3\/2020\/10\/Eikekrona-fasade-3-klippet-1477x1536.jpg 1477w, https:\/\/formateiendom.no\/kjellelia\/wp-content\/uploads\/sites\/3\/2020\/10\/Eikekrona-fasade-3-klippet-scaled.jpg 1969w\" sizes=\"(max-width: 985px) 100vw, 985px\" \/><figcaption>Velkommen til Eikekrona!<\/figcaption><\/figure>\n\n\n\n<p>H\u00e5ndverkerne har ryddet seg ut. Innglassingen er p\u00e5 plass. Landskapsarkitekten holder p\u00e5 med siste h\u00e5nd p\u00e5 verket. Eikekrona er snart klar for \u00e5 ta i mot nye eiere. Velkommen!<\/p>\n\n\n\n<figure class=\"wp-block-gallery columns-3 is-cropped wp-block-gallery-1 is-layout-flex wp-block-gallery-is-layout-flex\"><ul class=\"blocks-gallery-grid\"><li class=\"blocks-gallery-item\"><figure><img decoding=\"async\" width=\"768\" height=\"1024\" src=\"https:\/\/formateiendom.no\/kjellelia\/wp-content\/uploads\/sites\/3\/2020\/10\/Bilde-22.10.2020-10-58-08-768x1024.jpg\" alt=\"\" data-id=\"773\" data-full-url=\"https:\/\/formateiendom.no\/kjellelia\/wp-content\/uploads\/sites\/3\/2020\/10\/Bilde-22.10.2020-10-58-08-scaled.jpg\" data-link=\"https:\/\/formateiendom.no\/kjellelia\/2020\/10\/22\/klart-for-nye-eiere\/bilde-22-10-2020-10-58-08\/\" class=\"wp-image-773\" srcset=\"https:\/\/formateiendom.no\/kjellelia\/wp-content\/uploads\/sites\/3\/2020\/10\/Bilde-22.10.2020-10-58-08-768x1024.jpg 768w, https:\/\/formateiendom.no\/kjellelia\/wp-content\/uploads\/sites\/3\/2020\/10\/Bilde-22.10.2020-10-58-08-225x300.jpg 225w, https:\/\/formateiendom.no\/kjellelia\/wp-content\/uploads\/sites\/3\/2020\/10\/Bilde-22.10.2020-10-58-08-1152x1536.jpg 1152w, https:\/\/formateiendom.no\/kjellelia\/wp-content\/uploads\/sites\/3\/2020\/10\/Bilde-22.10.2020-10-58-08-scaled.jpg 1536w\" sizes=\"(max-width: 768px) 100vw, 768px\" \/><\/figure><\/li><li class=\"blocks-gallery-item\"><figure><img decoding=\"async\" width=\"768\" height=\"1024\" src=\"https:\/\/formateiendom.no\/kjellelia\/wp-content\/uploads\/sites\/3\/2020\/10\/Bilde-22.10.2020-11-02-29-768x1024.jpg\" alt=\"\" data-id=\"774\" data-full-url=\"https:\/\/formateiendom.no\/kjellelia\/wp-content\/uploads\/sites\/3\/2020\/10\/Bilde-22.10.2020-11-02-29-scaled.jpg\" data-link=\"https:\/\/formateiendom.no\/kjellelia\/2020\/10\/22\/klart-for-nye-eiere\/bilde-22-10-2020-11-02-29\/\" class=\"wp-image-774\" srcset=\"https:\/\/formateiendom.no\/kjellelia\/wp-content\/uploads\/sites\/3\/2020\/10\/Bilde-22.10.2020-11-02-29-768x1024.jpg 768w, https:\/\/formateiendom.no\/kjellelia\/wp-content\/uploads\/sites\/3\/2020\/10\/Bilde-22.10.2020-11-02-29-225x300.jpg 225w, https:\/\/formateiendom.no\/kjellelia\/wp-content\/uploads\/sites\/3\/2020\/10\/Bilde-22.10.2020-11-02-29-1152x1536.jpg 1152w, https:\/\/formateiendom.no\/kjellelia\/wp-content\/uploads\/sites\/3\/2020\/10\/Bilde-22.10.2020-11-02-29-scaled.jpg 1536w\" sizes=\"(max-width: 768px) 100vw, 768px\" \/><\/figure><\/li><li class=\"blocks-gallery-item\"><figure><img loading=\"lazy\" decoding=\"async\" width=\"768\" height=\"1024\" src=\"https:\/\/formateiendom.no\/kjellelia\/wp-content\/uploads\/sites\/3\/2020\/10\/Bilde-22.10.2020-11-05-15-768x1024.jpg\" alt=\"\" data-id=\"775\" data-full-url=\"https:\/\/formateiendom.no\/kjellelia\/wp-content\/uploads\/sites\/3\/2020\/10\/Bilde-22.10.2020-11-05-15-scaled.jpg\" data-link=\"https:\/\/formateiendom.no\/kjellelia\/2020\/10\/22\/klart-for-nye-eiere\/bilde-22-10-2020-11-05-15\/\" class=\"wp-image-775\" srcset=\"https:\/\/formateiendom.no\/kjellelia\/wp-content\/uploads\/sites\/3\/2020\/10\/Bilde-22.10.2020-11-05-15-768x1024.jpg 768w, https:\/\/formateiendom.no\/kjellelia\/wp-content\/uploads\/sites\/3\/2020\/10\/Bilde-22.10.2020-11-05-15-225x300.jpg 225w, https:\/\/formateiendom.no\/kjellelia\/wp-content\/uploads\/sites\/3\/2020\/10\/Bilde-22.10.2020-11-05-15-1152x1536.jpg 1152w, https:\/\/formateiendom.no\/kjellelia\/wp-content\/uploads\/sites\/3\/2020\/10\/Bilde-22.10.2020-11-05-15-scaled.jpg 1536w\" sizes=\"(max-width: 768px) 100vw, 768px\" \/><\/figure><\/li><\/ul><\/figure>\n","protected":false},"excerpt":{"rendered":"<p>H\u00e5ndverkerne har ryddet seg ut. Innglassingen er p\u00e5 plass. Landskapsarkitekten holder p\u00e5 med siste h\u00e5nd p\u00e5 verket. Eikekrona er snart klar for \u00e5 ta i mot nye eiere. Velkommen!<\/p>\n","protected":false},"author":3,"featured_media":770,"comment_status":"open","ping_status":"open","sticky":false,"template":"","format":"standard","meta":{"inline_featured_image":false,"footnotes":""},"categories":[1],"tags":[],"class_list":["post-769","post","type-post","status-publish","format-standard","has-post-thumbnail","hentry","category-ukategorisert"],"yoast_head":"<!-- This site is optimized with the Yoast SEO plugin v26.9 - https:\/\/yoast.com\/product\/yoast-seo-wordpress\/ -->\n<title>Klart for nye eiere - Kjellelia<\/title>\n<meta name=\"robots\" content=\"index, follow, max-snippet:-1, max-image-preview:large, max-video-preview:-1\" \/>\n<link rel=\"canonical\" href=\"https:\/\/formateiendom.no\/kjellelia\/2020\/10\/klart-for-nye-eiere\/\" \/>\n<meta property=\"og:locale\" content=\"nb_NO\" \/>\n<meta property=\"og:type\" content=\"article\" \/>\n<meta property=\"og:title\" content=\"Klart for nye eiere - Kjellelia\" \/>\n<meta property=\"og:description\" content=\"H\u00e5ndverkerne har ryddet seg ut. Innglassingen er p\u00e5 plass. Landskapsarkitekten holder p\u00e5 med siste h\u00e5nd p\u00e5 verket. Eikekrona er snart klar for \u00e5 ta i mot nye eiere. Velkommen!\" \/>\n<meta property=\"og:url\" content=\"https:\/\/formateiendom.no\/kjellelia\/2020\/10\/klart-for-nye-eiere\/\" \/>\n<meta property=\"og:site_name\" content=\"Kjellelia\" \/>\n<meta property=\"article:published_time\" content=\"2020-10-22T17:43:33+00:00\" \/>\n<meta property=\"article:modified_time\" content=\"2020-10-22T17:50:17+00:00\" \/>\n<meta property=\"og:image\" content=\"https:\/\/formateiendom.no\/kjellelia\/wp-content\/uploads\/sites\/3\/2020\/10\/Eikekrona-fasade-3-klippet-scaled.jpg\" \/>\n\t<meta property=\"og:image:width\" content=\"1969\" \/>\n\t<meta property=\"og:image:height\" content=\"2048\" \/>\n\t<meta property=\"og:image:type\" content=\"image\/jpeg\" \/>\n<meta name=\"author\" content=\"gunnhilde\" \/>\n<meta name=\"twitter:card\" content=\"summary_large_image\" \/>\n<meta name=\"twitter:label1\" content=\"Skrevet av\" \/>\n\t<meta name=\"twitter:data1\" content=\"gunnhilde\" \/>\n<script type=\"application\/ld+json\" class=\"yoast-schema-graph\">{\"@context\":\"https:\/\/schema.org\",\"@graph\":[{\"@type\":\"Article\",\"@id\":\"https:\/\/formateiendom.no\/kjellelia\/2020\/10\/klart-for-nye-eiere\/#article\",\"isPartOf\":{\"@id\":\"https:\/\/formateiendom.no\/kjellelia\/2020\/10\/klart-for-nye-eiere\/\"},\"author\":{\"name\":\"gunnhilde\",\"@id\":\"https:\/\/formateiendom.no\/kjellelia\/#\/schema\/person\/f1f3d349dd5c198fa42b386b91db9663\"},\"headline\":\"Klart for nye eiere\",\"datePublished\":\"2020-10-22T17:43:33+00:00\",\"dateModified\":\"2020-10-22T17:50:17+00:00\",\"mainEntityOfPage\":{\"@id\":\"https:\/\/formateiendom.no\/kjellelia\/2020\/10\/klart-for-nye-eiere\/\"},\"wordCount\":37,\"commentCount\":0,\"publisher\":{\"@id\":\"https:\/\/formateiendom.no\/kjellelia\/#organization\"},\"image\":{\"@id\":\"https:\/\/formateiendom.no\/kjellelia\/2020\/10\/klart-for-nye-eiere\/#primaryimage\"},\"thumbnailUrl\":\"https:\/\/formateiendom.no\/kjellelia\/wp-content\/uploads\/sites\/3\/2020\/10\/Eikekrona-fasade-3-klippet-scaled.jpg\",\"inLanguage\":\"nb-NO\",\"potentialAction\":[{\"@type\":\"CommentAction\",\"name\":\"Comment\",\"target\":[\"https:\/\/formateiendom.no\/kjellelia\/2020\/10\/klart-for-nye-eiere\/#respond\"]}]},{\"@type\":\"WebPage\",\"@id\":\"https:\/\/formateiendom.no\/kjellelia\/2020\/10\/klart-for-nye-eiere\/\",\"url\":\"https:\/\/formateiendom.no\/kjellelia\/2020\/10\/klart-for-nye-eiere\/\",\"name\":\"Klart for nye eiere - Kjellelia\",\"isPartOf\":{\"@id\":\"https:\/\/formateiendom.no\/kjellelia\/#website\"},\"primaryImageOfPage\":{\"@id\":\"https:\/\/formateiendom.no\/kjellelia\/2020\/10\/klart-for-nye-eiere\/#primaryimage\"},\"image\":{\"@id\":\"https:\/\/formateiendom.no\/kjellelia\/2020\/10\/klart-for-nye-eiere\/#primaryimage\"},\"thumbnailUrl\":\"https:\/\/formateiendom.no\/kjellelia\/wp-content\/uploads\/sites\/3\/2020\/10\/Eikekrona-fasade-3-klippet-scaled.jpg\",\"datePublished\":\"2020-10-22T17:43:33+00:00\",\"dateModified\":\"2020-10-22T17:50:17+00:00\",\"breadcrumb\":{\"@id\":\"https:\/\/formateiendom.no\/kjellelia\/2020\/10\/klart-for-nye-eiere\/#breadcrumb\"},\"inLanguage\":\"nb-NO\",\"potentialAction\":[{\"@type\":\"ReadAction\",\"target\":[\"https:\/\/formateiendom.no\/kjellelia\/2020\/10\/klart-for-nye-eiere\/\"]}]},{\"@type\":\"ImageObject\",\"inLanguage\":\"nb-NO\",\"@id\":\"https:\/\/formateiendom.no\/kjellelia\/2020\/10\/klart-for-nye-eiere\/#primaryimage\",\"url\":\"https:\/\/formateiendom.no\/kjellelia\/wp-content\/uploads\/sites\/3\/2020\/10\/Eikekrona-fasade-3-klippet-scaled.jpg\",\"contentUrl\":\"https:\/\/formateiendom.no\/kjellelia\/wp-content\/uploads\/sites\/3\/2020\/10\/Eikekrona-fasade-3-klippet-scaled.jpg\",\"width\":1969,\"height\":2048},{\"@type\":\"BreadcrumbList\",\"@id\":\"https:\/\/formateiendom.no\/kjellelia\/2020\/10\/klart-for-nye-eiere\/#breadcrumb\",\"itemListElement\":[{\"@type\":\"ListItem\",\"position\":1,\"name\":\"Hjem\",\"item\":\"https:\/\/formateiendom.no\/kjellelia\/\"},{\"@type\":\"ListItem\",\"position\":2,\"name\":\"Klart for nye eiere\"}]},{\"@type\":\"WebSite\",\"@id\":\"https:\/\/formateiendom.no\/kjellelia\/#website\",\"url\":\"https:\/\/formateiendom.no\/kjellelia\/\",\"name\":\"Kjellelia\",\"description\":\"Flotte leiligheter sentralt i T\u00f8nsberg\",\"publisher\":{\"@id\":\"https:\/\/formateiendom.no\/kjellelia\/#organization\"},\"potentialAction\":[{\"@type\":\"SearchAction\",\"target\":{\"@type\":\"EntryPoint\",\"urlTemplate\":\"https:\/\/formateiendom.no\/kjellelia\/?s={search_term_string}\"},\"query-input\":{\"@type\":\"PropertyValueSpecification\",\"valueRequired\":true,\"valueName\":\"search_term_string\"}}],\"inLanguage\":\"nb-NO\"},{\"@type\":\"Organization\",\"@id\":\"https:\/\/formateiendom.no\/kjellelia\/#organization\",\"name\":\"Kjellelia\",\"url\":\"https:\/\/formateiendom.no\/kjellelia\/\",\"logo\":{\"@type\":\"ImageObject\",\"inLanguage\":\"nb-NO\",\"@id\":\"https:\/\/formateiendom.no\/kjellelia\/#\/schema\/logo\/image\/\",\"url\":\"https:\/\/formateiendom.no\/kjellelia\/wp-content\/uploads\/sites\/3\/2020\/02\/cropped-kjellelialogo.png\",\"contentUrl\":\"https:\/\/formateiendom.no\/kjellelia\/wp-content\/uploads\/sites\/3\/2020\/02\/cropped-kjellelialogo.png\",\"width\":655,\"height\":235,\"caption\":\"Kjellelia\"},\"image\":{\"@id\":\"https:\/\/formateiendom.no\/kjellelia\/#\/schema\/logo\/image\/\"}},{\"@type\":\"Person\",\"@id\":\"https:\/\/formateiendom.no\/kjellelia\/#\/schema\/person\/f1f3d349dd5c198fa42b386b91db9663\",\"name\":\"gunnhilde\",\"image\":{\"@type\":\"ImageObject\",\"inLanguage\":\"nb-NO\",\"@id\":\"https:\/\/formateiendom.no\/kjellelia\/#\/schema\/person\/image\/\",\"url\":\"https:\/\/secure.gravatar.com\/avatar\/24656e7d8d7a53b48692e95eb00c018d0e0c1f9d7e21d48e6a91fdfcf10bceae?s=96&d=mm&r=g\",\"contentUrl\":\"https:\/\/secure.gravatar.com\/avatar\/24656e7d8d7a53b48692e95eb00c018d0e0c1f9d7e21d48e6a91fdfcf10bceae?s=96&d=mm&r=g\",\"caption\":\"gunnhilde\"},\"url\":\"https:\/\/formateiendom.no\/kjellelia\/author\/gunnhilde\/\"}]}<\/script>\n<!-- \/ Yoast SEO plugin. -->","yoast_head_json":{"title":"Klart for nye eiere - Kjellelia","robots":{"index":"index","follow":"follow","max-snippet":"max-snippet:-1","max-image-preview":"max-image-preview:large","max-video-preview":"max-video-preview:-1"},"canonical":"https:\/\/formateiendom.no\/kjellelia\/2020\/10\/klart-for-nye-eiere\/","og_locale":"nb_NO","og_type":"article","og_title":"Klart for nye eiere - Kjellelia","og_description":"H\u00e5ndverkerne har ryddet seg ut. Innglassingen er p\u00e5 plass. Landskapsarkitekten holder p\u00e5 med siste h\u00e5nd p\u00e5 verket. Eikekrona er snart klar for \u00e5 ta i mot nye eiere. Velkommen!","og_url":"https:\/\/formateiendom.no\/kjellelia\/2020\/10\/klart-for-nye-eiere\/","og_site_name":"Kjellelia","article_published_time":"2020-10-22T17:43:33+00:00","article_modified_time":"2020-10-22T17:50:17+00:00","og_image":[{"width":1969,"height":2048,"url":"https:\/\/formateiendom.no\/kjellelia\/wp-content\/uploads\/sites\/3\/2020\/10\/Eikekrona-fasade-3-klippet-scaled.jpg","type":"image\/jpeg"}],"author":"gunnhilde","twitter_card":"summary_large_image","twitter_misc":{"Skrevet av":"gunnhilde"},"schema":{"@context":"https:\/\/schema.org","@graph":[{"@type":"Article","@id":"https:\/\/formateiendom.no\/kjellelia\/2020\/10\/klart-for-nye-eiere\/#article","isPartOf":{"@id":"https:\/\/formateiendom.no\/kjellelia\/2020\/10\/klart-for-nye-eiere\/"},"author":{"name":"gunnhilde","@id":"https:\/\/formateiendom.no\/kjellelia\/#\/schema\/person\/f1f3d349dd5c198fa42b386b91db9663"},"headline":"Klart for nye eiere","datePublished":"2020-10-22T17:43:33+00:00","dateModified":"2020-10-22T17:50:17+00:00","mainEntityOfPage":{"@id":"https:\/\/formateiendom.no\/kjellelia\/2020\/10\/klart-for-nye-eiere\/"},"wordCount":37,"commentCount":0,"publisher":{"@id":"https:\/\/formateiendom.no\/kjellelia\/#organization"},"image":{"@id":"https:\/\/formateiendom.no\/kjellelia\/2020\/10\/klart-for-nye-eiere\/#primaryimage"},"thumbnailUrl":"https:\/\/formateiendom.no\/kjellelia\/wp-content\/uploads\/sites\/3\/2020\/10\/Eikekrona-fasade-3-klippet-scaled.jpg","inLanguage":"nb-NO","potentialAction":[{"@type":"CommentAction","name":"Comment","target":["https:\/\/formateiendom.no\/kjellelia\/2020\/10\/klart-for-nye-eiere\/#respond"]}]},{"@type":"WebPage","@id":"https:\/\/formateiendom.no\/kjellelia\/2020\/10\/klart-for-nye-eiere\/","url":"https:\/\/formateiendom.no\/kjellelia\/2020\/10\/klart-for-nye-eiere\/","name":"Klart for nye eiere - Kjellelia","isPartOf":{"@id":"https:\/\/formateiendom.no\/kjellelia\/#website"},"primaryImageOfPage":{"@id":"https:\/\/formateiendom.no\/kjellelia\/2020\/10\/klart-for-nye-eiere\/#primaryimage"},"image":{"@id":"https:\/\/formateiendom.no\/kjellelia\/2020\/10\/klart-for-nye-eiere\/#primaryimage"},"thumbnailUrl":"https:\/\/formateiendom.no\/kjellelia\/wp-content\/uploads\/sites\/3\/2020\/10\/Eikekrona-fasade-3-klippet-scaled.jpg","datePublished":"2020-10-22T17:43:33+00:00","dateModified":"2020-10-22T17:50:17+00:00","breadcrumb":{"@id":"https:\/\/formateiendom.no\/kjellelia\/2020\/10\/klart-for-nye-eiere\/#breadcrumb"},"inLanguage":"nb-NO","potentialAction":[{"@type":"ReadAction","target":["https:\/\/formateiendom.no\/kjellelia\/2020\/10\/klart-for-nye-eiere\/"]}]},{"@type":"ImageObject","inLanguage":"nb-NO","@id":"https:\/\/formateiendom.no\/kjellelia\/2020\/10\/klart-for-nye-eiere\/#primaryimage","url":"https:\/\/formateiendom.no\/kjellelia\/wp-content\/uploads\/sites\/3\/2020\/10\/Eikekrona-fasade-3-klippet-scaled.jpg","contentUrl":"https:\/\/formateiendom.no\/kjellelia\/wp-content\/uploads\/sites\/3\/2020\/10\/Eikekrona-fasade-3-klippet-scaled.jpg","width":1969,"height":2048},{"@type":"BreadcrumbList","@id":"https:\/\/formateiendom.no\/kjellelia\/2020\/10\/klart-for-nye-eiere\/#breadcrumb","itemListElement":[{"@type":"ListItem","position":1,"name":"Hjem","item":"https:\/\/formateiendom.no\/kjellelia\/"},{"@type":"ListItem","position":2,"name":"Klart for nye eiere"}]},{"@type":"WebSite","@id":"https:\/\/formateiendom.no\/kjellelia\/#website","url":"https:\/\/formateiendom.no\/kjellelia\/","name":"Kjellelia","description":"Flotte leiligheter sentralt i T\u00f8nsberg","publisher":{"@id":"https:\/\/formateiendom.no\/kjellelia\/#organization"},"potentialAction":[{"@type":"SearchAction","target":{"@type":"EntryPoint","urlTemplate":"https:\/\/formateiendom.no\/kjellelia\/?s={search_term_string}"},"query-input":{"@type":"PropertyValueSpecification","valueRequired":true,"valueName":"search_term_string"}}],"inLanguage":"nb-NO"},{"@type":"Organization","@id":"https:\/\/formateiendom.no\/kjellelia\/#organization","name":"Kjellelia","url":"https:\/\/formateiendom.no\/kjellelia\/","logo":{"@type":"ImageObject","inLanguage":"nb-NO","@id":"https:\/\/formateiendom.no\/kjellelia\/#\/schema\/logo\/image\/","url":"https:\/\/formateiendom.no\/kjellelia\/wp-content\/uploads\/sites\/3\/2020\/02\/cropped-kjellelialogo.png","contentUrl":"https:\/\/formateiendom.no\/kjellelia\/wp-content\/uploads\/sites\/3\/2020\/02\/cropped-kjellelialogo.png","width":655,"height":235,"caption":"Kjellelia"},"image":{"@id":"https:\/\/formateiendom.no\/kjellelia\/#\/schema\/logo\/image\/"}},{"@type":"Person","@id":"https:\/\/formateiendom.no\/kjellelia\/#\/schema\/person\/f1f3d349dd5c198fa42b386b91db9663","name":"gunnhilde","image":{"@type":"ImageObject","inLanguage":"nb-NO","@id":"https:\/\/formateiendom.no\/kjellelia\/#\/schema\/person\/image\/","url":"https:\/\/secure.gravatar.com\/avatar\/24656e7d8d7a53b48692e95eb00c018d0e0c1f9d7e21d48e6a91fdfcf10bceae?s=96&d=mm&r=g","contentUrl":"https:\/\/secure.gravatar.com\/avatar\/24656e7d8d7a53b48692e95eb00c018d0e0c1f9d7e21d48e6a91fdfcf10bceae?s=96&d=mm&r=g","caption":"gunnhilde"},"url":"https:\/\/formateiendom.no\/kjellelia\/author\/gunnhilde\/"}]}},"acf":[],"_links":{"self":[{"href":"https:\/\/formateiendom.no\/kjellelia\/wp-json\/wp\/v2\/posts\/769","targetHints":{"allow":["GET"]}}],"collection":[{"href":"https:\/\/formateiendom.no\/kjellelia\/wp-json\/wp\/v2\/posts"}],"about":[{"href":"https:\/\/formateiendom.no\/kjellelia\/wp-json\/wp\/v2\/types\/post"}],"author":[{"embeddable":true,"href":"https:\/\/formateiendom.no\/kjellelia\/wp-json\/wp\/v2\/users\/3"}],"replies":[{"embeddable":true,"href":"https:\/\/formateiendom.no\/kjellelia\/wp-json\/wp\/v2\/comments?post=769"}],"version-history":[{"count":3,"href":"https:\/\/formateiendom.no\/kjellelia\/wp-json\/wp\/v2\/posts\/769\/revisions"}],"predecessor-version":[{"id":777,"href":"https:\/\/formateiendom.no\/kjellelia\/wp-json\/wp\/v2\/posts\/769\/revisions\/777"}],"wp:featuredmedia":[{"embeddable":true,"href":"https:\/\/formateiendom.no\/kjellelia\/wp-json\/wp\/v2\/media\/770"}],"wp:attachment":[{"href":"https:\/\/formateiendom.no\/kjellelia\/wp-json\/wp\/v2\/media?parent=769"}],"wp:term":[{"taxonomy":"category","embeddable":true,"href":"https:\/\/formateiendom.no\/kjellelia\/wp-json\/wp\/v2\/categories?post=769"},{"taxonomy":"post_tag","embeddable":true,"href":"https:\/\/formateiendom.no\/kjellelia\/wp-json\/wp\/v2\/tags?post=769"}],"curies":[{"name":"wp","href":"https:\/\/api.w.org\/{rel}","templated":true}]}}